{"id":32524,"date":"2026-09-02T16:03:20","date_gmt":"2026-09-02T14:03:20","guid":{"rendered":"https:\/\/www.duch.mielec.pl\/?p=32524"},"modified":"2026-09-02T16:37:08","modified_gmt":"2026-09-02T14:37:08","slug":"2026-08-30-xxii-niedziela-zwykla","status":"publish","type":"post","link":"https:\/\/www.duch.mielec.pl\/?p=32524","title":{"rendered":"2026.08.30 &#8211; XXII Niedziela Zwyk\u0142a"},"content":{"rendered":"\t\t<div data-elementor-type=\"wp-post\" data-elementor-id=\"32524\" class=\"elementor elementor-32524\">\n\t\t\t\t\t\t<section class=\"elementor-section elementor-top-section elementor-element elementor-element-b7db839 elementor-section-boxed elementor-section-height-default elementor-section-height-default sc_fly_static\" data-id=\"b7db839\" data-element_type=\"section\">\n\t\t\t\t\t\t<div class=\"elementor-container elementor-column-gap-extended\">\n\t\t\t\t\t<div class=\"elementor-column elementor-col-100 elementor-top-column elementor-element elementor-element-0098240 sc_inner_width_none sc_content_align_inherit sc_layouts_column_icons_position_left sc_fly_static\" data-id=\"0098240\" data-element_type=\"column\">\n\t\t\t<div class=\"elementor-widget-wrap elementor-element-populated\">\n\t\t\t\t\t\t<div class=\"elementor-element elementor-element-9097304 sc_fly_static elementor-widget elementor-widget-text-editor\" data-id=\"9097304\" data-element_type=\"widget\" data-widget_type=\"text-editor.default\">\n\t\t\t\t<div class=\"elementor-widget-container\">\n\t\t\t\t\t\t\t\t\t<ol><li>Od wtorku wchodzimy w powakacyjny porz\u0105dek Mszy \u015awi\u0119tych w dni powszednie. Msze \u015awi\u0119te b\u0119d\u0105 o godz. 6<sup>30<\/sup>; 7<sup>00<\/sup>; 18<sup>00<\/sup>. Kancelaria b\u0119dzie czynna od 8<sup>30<\/sup> &#8211; 9<sup>00<\/sup> i od 16<sup>00<\/sup> &#8211; 17<sup>30<\/sup>. W Bursie Msze \u015awi\u0119te w dni powszednie w \u015brody i soboty o godz. 7<sup>00<\/sup>, a w niedziel\u0119 o 8<sup>00<\/sup> i 10<sup>00<\/sup>.<br \/><br \/><\/li><li>W naszej parafii nast\u0105pi\u0142y zmiany personalne. Za Ksi\u0119dza Andrzeja Szaraja pos\u0142ug\u0119 pastoraln\u0105 podj\u0105\u0142 Ksi\u0105dz Artur Zygmunt, za Siostr\u0119 Mart\u0119 pos\u0142ug\u0119 pe\u0142ni\u0107 b\u0119dzie Siostra Natalia. Ksi\u0119dzu Arturowi i Siostrze Natalii \u017cyczymy \u015bwiat\u0142a Ducha \u015awi\u0119tego w pracy duszpasterskiej.<br \/><br \/><\/li><li>W liturgii tego tygodnia:<\/li><\/ol><p style=\"padding-left: 40px;\"><strong>w poniedzia\u0142ek<\/strong><\/p><ul><li style=\"list-style-type: none;\"><ul><li style=\"list-style-type: none;\"><ul><li>Ca\u0142odzienna adoracja Naj\u015bwi\u0119tszego Sakramentu. O godz. 17<sup>30 <\/sup>Nowenna do Ducha \u015awi\u0119tego i Msza \u015awi\u0119ta w intencjach. nowennowych. Prowadzenie liturgii powierzamy Bractwu Ducha \u015awi\u0119tego.<br \/>Jutro na Nowenn\u0119 i Msz\u0119 \u015aw. zapraszamy dzieci ze szk\u00f3\u0142 podstawowych wraz z rodzicami i wychowawcami z okazji rozpocz\u0119cia nowego roku szkolnego.<\/li><\/ul><\/li><\/ul><\/li><\/ul><p style=\"padding-left: 40px;\"><strong>w \u015brod\u0119<\/strong><\/p><ul><li style=\"list-style-type: none;\"><ul><li style=\"list-style-type: none;\"><ul><li>Legion Maryi zaprasza na kolejne nabo\u017ce\u0144stwo do \u015aw. J\u00f3zefa na godz. 17<sup>00<\/sup><\/li><li>o godz. 17<sup>30 <\/sup>Nowenna do Matki Bo\u017cej Nieustaj\u0105cej Pomocy i Msza \u015awi\u0119ta<\/li><\/ul><\/li><\/ul><\/li><\/ul><p style=\"padding-left: 40px;\"><strong>w czwartek<\/strong><\/p><ul><li style=\"list-style-type: none;\"><ul><li style=\"list-style-type: none;\"><ul><li>wspomnienie liturgiczne \u015bw. Grzegorza Wielkiego, pap. i dok. Ko\u015b\u0107.<\/li><\/ul><\/li><\/ul><\/li><\/ul><ol start=\"4\"><li>We wtorek zapraszamy na Msze \u015awi\u0119te rozpoczynaj\u0105ce nowy rok szkolny. M\u0142odzie\u017c z V LO o godz. 8<sup>30<\/sup> w ko\u015bciele. W Bursie dla \u201eekonomika\u201d i \u201eelektryka\u201d Msza \u015awi\u0119ta o godz. 8<sup>00<\/sup>.<br \/><br \/><\/li><li>W tym tygodniu przypada pierwszy czwartek, pi\u0105tek i pierwsza sobota miesi\u0105ca. Okazja do spowiedzi w czwartek i w pi\u0105tek od godz. 16<sup>30<\/sup>. Zapraszamy dzieci i m\u0142odzie\u017c do spowiedzi na pocz\u0105tku roku szkolnego. Adoracja Naj\u015bw. Sakr. w czwartek po Mszy \u015awi\u0119tej do godz. 21<sup>00<\/sup> w pi\u0105tek w czasie spowiedzi i do godz. 21<sup>00<\/sup>. W sobot\u0119 nabo\u017ce\u0144stwo pierwszych sob\u00f3t miesi\u0105ca: Msza \u015awi\u0119ta o godz.7<sup>00<\/sup> i adoracja do godz. 9<sup>00<\/sup> i od 17<sup>00<\/sup>. M\u0142odzie\u017c zapraszamy na Msze \u015awi\u0119t\u0105 w I pi\u0105tek na godz. 19<sup>30<\/sup> w dolnym ko\u015bciele.<br \/>Do chorych i staruszk\u00f3w z pos\u0142ug\u0105 sakramentaln\u0105 pojedziemy w sobot\u0119 od godz. 9<sup>00<\/sup>.<\/li><\/ol><ol start=\"6\"><li>Grupy Pastoralne prosimy o podj\u0119cie powakacyjnych spotka\u0144 formacyjnych. Wszystkie grupy pastoralne zapraszamy w poniedzia\u0142ek 7 wrze\u015bnia na godz. 17<sup>30<\/sup> na nowenn\u0119 i Msz\u0119 \u015awi\u0119t\u0105.<br \/><br \/><\/li><li>We wtorek po Mszy \u015awi\u0119tej wieczornej spotkanie Akcji Katolickiej.<br \/><br \/><\/li><li>W przysz\u0142\u0105 niedziel\u0119 rozpoczynamy Msze \u015awi\u0119te dla rodzic\u00f3w z ma\u0142ymi dzie\u0107mi o godz. 11<sup>30<\/sup>.<br \/><br \/><\/li><li>Legion Maryi zaprasza na 31 Og\u00f3lnopolsk\u0105 Pielgrzymk\u0119 na Jasn\u0105 G\u00f3r\u0119 12 wrze\u015bnia. Koszt wyjazdu 80 z\u0142. P\u0142atne przy zapisie w kancelarii do 10 wrze\u015bnia.<br \/><br \/><\/li><li>Dzi\u0119kujemy za ofiary jakie przekazujecie na tac\u0119, w kancelarii, na naszym koncie bankowym i poprzez ofiaromat. W przysz\u0142\u0105 niedziel\u0119 b\u0119dziemy mogli z\u0142o\u017cy\u0107 ofiary na nowe organy.<br \/><br \/><\/li><li>Jubilatom i solenizantom tego tygodnia szczeg\u00f3lnie ks. Grzegorzowi sk\u0142adamy serdeczne \u017cyczenia i zapraszamy do uczestnictwa w Eucharystii i przyj\u0119cia Komunii \u015awi\u0119tej.<br \/><br \/><\/li><li>W ostatnim tygodniu z naszej wsp\u00f3lnoty parafialnej odszed\u0142 do wieczno\u015bci: \u015bp. Stanis\u0142aw Wachta z ul. Kocjana.\u00a0 Pole\u0107my jego dusze Bo\u017cemu Mi\u0142osierdziu.<\/li><\/ol>\t\t\t\t\t\t\t\t<\/div>\n\t\t\t\t<\/div>\n\t\t\t\t\t<\/div>\n\t\t<\/div>\n\t\t\t\t\t<\/div>\n\t\t<\/section>\n\t\t\t\t<\/div>\n\t\t","protected":false},"excerpt":{"rendered":"<p>Od wtorku wchodzimy w powakacyjny porz\u0105dek Mszy \u015awi\u0119tych w dni powszednie. Msze \u015awi\u0119te b\u0119d\u0105 o&hellip;<\/p>\n","protected":false},"author":3,"featured_media":0,"comment_status":"closed","ping_status":"open","sticky":false,"template":"","format":"standard","meta":{"give_campaign_id":0,"footnotes":""},"categories":[228],"tags":[],"class_list":["post-32524","post","type-post","status-publish","format-standard","hentry","category-ogloszenia"],"_links":{"self":[{"href":"https:\/\/www.duch.mielec.pl\/index.php?rest_route=\/wp\/v2\/posts\/32524","targetHints":{"allow":["GET"]}}],"collection":[{"href":"https:\/\/www.duch.mielec.pl\/index.php?rest_route=\/wp\/v2\/posts"}],"about":[{"href":"https:\/\/www.duch.mielec.pl\/index.php?rest_route=\/wp\/v2\/types\/post"}],"author":[{"embeddable":true,"href":"https:\/\/www.duch.mielec.pl\/index.php?rest_route=\/wp\/v2\/users\/3"}],"replies":[{"embeddable":true,"href":"https:\/\/www.duch.mielec.pl\/index.php?rest_route=%2Fwp%2Fv2%2Fcomments&post=32524"}],"version-history":[{"count":4,"href":"https:\/\/www.duch.mielec.pl\/index.php?rest_route=\/wp\/v2\/posts\/32524\/revisions"}],"predecessor-version":[{"id":32528,"href":"https:\/\/www.duch.mielec.pl\/index.php?rest_route=\/wp\/v2\/posts\/32524\/revisions\/32528"}],"wp:attachment":[{"href":"https:\/\/www.duch.mielec.pl\/index.php?rest_route=%2Fwp%2Fv2%2Fmedia&parent=32524"}],"wp:term":[{"taxonomy":"category","embeddable":true,"href":"https:\/\/www.duch.mielec.pl\/index.php?rest_route=%2Fwp%2Fv2%2Fcategories&post=32524"},{"taxonomy":"post_tag","embeddable":true,"href":"https:\/\/www.duch.mielec.pl\/index.php?rest_route=%2Fwp%2Fv2%2Ftags&post=32524"}],"curies":[{"name":"wp","href":"https:\/\/api.w.org\/{rel}","templated":true}]}}