{"id":32234,"date":"2026-07-19T17:42:31","date_gmt":"2026-07-19T15:42:31","guid":{"rendered":"https:\/\/www.duch.mielec.pl\/?p=32234"},"modified":"2026-07-19T17:50:41","modified_gmt":"2026-07-19T15:50:41","slug":"2026-07-19-xvi-niedziela-zwykla","status":"publish","type":"post","link":"https:\/\/www.duch.mielec.pl\/?p=32234","title":{"rendered":"2026.07.19 &#8211; XVI Niedziela Zwyk\u0142a"},"content":{"rendered":"\t\t<div data-elementor-type=\"wp-post\" data-elementor-id=\"32234\" class=\"elementor elementor-32234\">\n\t\t\t\t\t\t<section class=\"elementor-section elementor-top-section elementor-element elementor-element-0443355 elementor-section-boxed elementor-section-height-default elementor-section-height-default sc_fly_static\" data-id=\"0443355\" data-element_type=\"section\">\n\t\t\t\t\t\t<div class=\"elementor-container elementor-column-gap-extended\">\n\t\t\t\t\t<div class=\"elementor-column elementor-col-100 elementor-top-column elementor-element elementor-element-5a7b52e sc_inner_width_none sc_content_align_inherit sc_layouts_column_icons_position_left sc_fly_static\" data-id=\"5a7b52e\" data-element_type=\"column\">\n\t\t\t<div class=\"elementor-widget-wrap elementor-element-populated\">\n\t\t\t\t\t\t<div class=\"elementor-element elementor-element-b170a33 sc_fly_static elementor-widget elementor-widget-text-editor\" data-id=\"b170a33\" data-element_type=\"widget\" data-widget_type=\"text-editor.default\">\n\t\t\t\t<div class=\"elementor-widget-container\">\n\t\t\t\t\t\t\t\t\t<ol>\n \t<li>W liturgii tego tygodnia:<\/li>\n<\/ol>\n<p style=\"padding-left: 40px;\"><strong>w poniedzia\u0142ek<\/strong><\/p>\n\n<ul>\n \t<li>Ca\u0142odzienna adoracja Naj\u015bwi\u0119tszego Sakrametu. O godz. 18<sup>30 <\/sup>nowenna do Ducha \u015awi\u0119tego i Msza \u015awi\u0119ta w intencjach nowennowych. Prowadzenie liturgii powierzamy Wsp\u00f3lnotom Neokatechumenalnym.<\/li>\n<\/ul>\n<p style=\"padding-left: 40px;\"><strong>w \u015brod\u0119<\/strong><\/p>\n\n<ul>\n \t<li>\u015awi\u0119to \u015bw. Marii Magdaleny.<\/li>\n<\/ul>\n<p style=\"padding-left: 40px;\"><strong>w czwartek<\/strong><\/p>\n\n<ul>\n \t<li>\u015awi\u0119to \u015bw. Brygidy, zakonnicy i patronki Europy.<\/li>\n<\/ul>\n<p style=\"padding-left: 40px;\"><strong>w pi\u0105tek<\/strong><\/p>\n\n<ul>\n \t<li>Wspomnienie liturgiczne \u015bw. Kingi. Dziewicy patronki diecezji.<\/li>\n<\/ul>\n<p style=\"padding-left: 40px;\"><strong>w sobot\u0119<\/strong><\/p>\n\n<ul>\n \t<li>Wspomnienie liturgiczne \u015bw. Jakuba Aposto\u0142a i \u015bw. Krzysztofa patrona kierowc\u00f3w.<\/li>\n \t<li>Adoracja Naj\u015bwi\u0119tszego Sakramentu od godz. 17<sup>00<\/sup><\/li>\n<\/ul>\n<p style=\"padding-left: 40px;\"><strong>w niedziel\u0119<\/strong><\/p>\n\n<ul>\n \t<li>Wspomnienie liturgiczne \u015bw. Joachima i Anny, rodzic\u00f3w NMP.<\/li>\n<\/ul>\n<ol start=\"2\">\n \t<li>W przysz\u0142\u0105 niedziel\u0119 po ka\u017cdej Mszy \u015awi\u0119tej z okazji wspomnienia \u015bw. Krzysztofa &#8211; patrona kierowc\u00f3w &#8211; pob\u0142ogos\u0142awimy pojazdy mechaniczne. Po odm\u00f3wieniu modlitwy ksi\u0119\u017ca przejd\u0105 na parkingi i pokropi\u0105 po\u015bwi\u0119con\u0105 wod\u0105 pojazdy. Z tej okazji za dobrowoln\u0105 ofiar\u0105 zosta\u0142a przygotowana breloczki \u201e\u015bw. Krzysztofa\u201d.<\/li>\n \t<li>Dzi\u0119kujemy za ofiary na Organy od rodzin, jakie sk\u0142adacie w kopertach, w kancelarii parafialnej i na naszym koncie bankowym. Jest ju\u017c dost\u0119pna prezentacja naszych organ\u00f3w. Link na stronie internetowej.<\/li>\n \t<li>Spotkanie organizacyjne przed <strong>VIII Parafialn\u0105 Pielgrzymk\u0119 Rowerow\u0105 na Jasn\u0105 G\u00f3r\u0119 <\/strong>jutro o godz. 19<sup>00<\/sup> w sali KOK-u.<\/li>\n \t<li>Lista Pielgrzym\u00f3w do Gietrzwa\u0142du jest ju\u017c pe\u0142na. Koszt wyjazdu 500 z\u0142. Osoby kt\u00f3re wp\u0142aci\u0142y zaliczk\u0119 s\u0105 proszone o dop\u0142at\u0119 do ca\u0142ej kwoty w kancelarii do ko\u0144ca tygodnia. Spotkanie organizacyjne odb\u0119dzie si\u0119 27 lipca o godz. 19<sup>00<\/sup> w KOKu. Szczeg\u00f3\u0142y u ks. Tomasza.<\/li>\n \t<li>Trwaj\u0105 zapisy na <strong>Piesz\u0105 Pielgrzymk\u0119 Tarnowsk\u0105<\/strong>. Zapisy w kancelarii jak r\u00f3wnie\u017c online. Informacje o pielgrzymce na stronie internetowej i na stronach facebookowych naszej grupy 18.<\/li>\n \t<li>Parafialny Klub Turystyki G\u00f3rskiej zaprasza na wypraw\u0119 30 sierpnia w S\u0142owackie Taty. Przej\u015bcie od Popradzkiego Stawu, przez symboliczny cmentarz ofiar ludzi g\u00f3r, do Szczyrbskiego Jeziora. Trasa stosunkowo \u0142atwa dla ka\u017cdego. Tak\u017ce dla rodzin z dzie\u0107mi. Zapisy w kancelarii.<\/li>\n \t<li>Jubilatom i solenizantom tego tygodnia, sk\u0142adamy serdeczne \u017cyczenia i zapraszamy do uczestnictwa w Eucharystii i przyj\u0119cia Komunii \u015awi\u0119tej.<\/li>\n \t<li>W ostatnim tygodniu z naszej wsp\u00f3lnoty parafialnej odesz\u0142a do wieczno\u015bci: <em>\u015aP. Ma\u0142gorzata Szymczak z Al. Ducha \u015awi\u0119tego. <\/em>Pole\u0107my jej dusz\u0119 Mi\u0142osierdziu Bo\u017cemu.<\/li>\n<\/ol>\t\t\t\t\t\t\t\t<\/div>\n\t\t\t\t<\/div>\n\t\t\t\t\t<\/div>\n\t\t<\/div>\n\t\t\t\t\t<\/div>\n\t\t<\/section>\n\t\t\t\t<\/div>\n\t\t","protected":false},"excerpt":{"rendered":"<p>W liturgii tego tygodnia: w poniedzia\u0142ek Ca\u0142odzienna adoracja Naj\u015bwi\u0119tszego Sakrametu. O godz. 1830 nowenna do&hellip;<\/p>\n","protected":false},"author":3,"featured_media":0,"comment_status":"closed","ping_status":"open","sticky":false,"template":"","format":"standard","meta":{"give_campaign_id":0,"footnotes":""},"categories":[228],"tags":[],"class_list":["post-32234","post","type-post","status-publish","format-standard","hentry","category-ogloszenia"],"_links":{"self":[{"href":"https:\/\/www.duch.mielec.pl\/index.php?rest_route=\/wp\/v2\/posts\/32234","targetHints":{"allow":["GET"]}}],"collection":[{"href":"https:\/\/www.duch.mielec.pl\/index.php?rest_route=\/wp\/v2\/posts"}],"about":[{"href":"https:\/\/www.duch.mielec.pl\/index.php?rest_route=\/wp\/v2\/types\/post"}],"author":[{"embeddable":true,"href":"https:\/\/www.duch.mielec.pl\/index.php?rest_route=\/wp\/v2\/users\/3"}],"replies":[{"embeddable":true,"href":"https:\/\/www.duch.mielec.pl\/index.php?rest_route=%2Fwp%2Fv2%2Fcomments&post=32234"}],"version-history":[{"count":7,"href":"https:\/\/www.duch.mielec.pl\/index.php?rest_route=\/wp\/v2\/posts\/32234\/revisions"}],"predecessor-version":[{"id":32245,"href":"https:\/\/www.duch.mielec.pl\/index.php?rest_route=\/wp\/v2\/posts\/32234\/revisions\/32245"}],"wp:attachment":[{"href":"https:\/\/www.duch.mielec.pl\/index.php?rest_route=%2Fwp%2Fv2%2Fmedia&parent=32234"}],"wp:term":[{"taxonomy":"category","embeddable":true,"href":"https:\/\/www.duch.mielec.pl\/index.php?rest_route=%2Fwp%2Fv2%2Fcategories&post=32234"},{"taxonomy":"post_tag","embeddable":true,"href":"https:\/\/www.duch.mielec.pl\/index.php?rest_route=%2Fwp%2Fv2%2Ftags&post=32234"}],"curies":[{"name":"wp","href":"https:\/\/api.w.org\/{rel}","templated":true}]}}