{"id":32215,"date":"2026-07-13T14:37:18","date_gmt":"2026-07-13T12:37:18","guid":{"rendered":"https:\/\/www.duch.mielec.pl\/?p=32215"},"modified":"2026-07-13T14:39:44","modified_gmt":"2026-07-13T12:39:44","slug":"2026-07-12-xv-niedziela-zwykla","status":"publish","type":"post","link":"https:\/\/www.duch.mielec.pl\/?p=32215","title":{"rendered":"2026.07.12 &#8211; XV Niedziela Zwyk\u0142a"},"content":{"rendered":"\t\t<div data-elementor-type=\"wp-post\" data-elementor-id=\"32215\" class=\"elementor elementor-32215\">\n\t\t\t\t\t\t<section class=\"elementor-section elementor-top-section elementor-element elementor-element-77d75b1 elementor-section-boxed elementor-section-height-default elementor-section-height-default sc_fly_static\" data-id=\"77d75b1\" data-element_type=\"section\">\n\t\t\t\t\t\t<div class=\"elementor-container elementor-column-gap-extended\">\n\t\t\t\t\t<div class=\"elementor-column elementor-col-100 elementor-top-column elementor-element elementor-element-b2a8b76 sc_inner_width_none sc_content_align_inherit sc_layouts_column_icons_position_left sc_fly_static\" data-id=\"b2a8b76\" data-element_type=\"column\">\n\t\t\t<div class=\"elementor-widget-wrap elementor-element-populated\">\n\t\t\t\t\t\t<div class=\"elementor-element elementor-element-bf0053c sc_fly_static elementor-widget elementor-widget-text-editor\" data-id=\"bf0053c\" data-element_type=\"widget\" data-widget_type=\"text-editor.default\">\n\t\t\t\t<div class=\"elementor-widget-container\">\n\t\t\t\t\t\t\t\t\t<ol><li>Dzi\u015b po Eucharystii o godz. 12<sup>00<\/sup> nast\u0105pi uroczyste po\u015bwi\u0119cenie tablicy pami\u0105tkowej, upami\u0119tniaj\u0105cej ofiary ludob\u00f3jstwa dokonanego przez ukrai\u0144skich nacjonalist\u00f3w na po\u0142udniowo-wschodnich ziemiach II Rzeczypospolitej. Niech to wsp\u00f3lne wydarzenie b\u0119dzie wyrazem naszej pami\u0119ci, oraz troski o zachowanie historii tych, kt\u00f3rzy zostali zamordowani tylko dlatego, \u017ce byli Polakami. Serdecznie zach\u0119camy do licznego udzia\u0142u we wsp\u00f3lnej modlitwie.<\/li><\/ol><ol start=\"2\"><li>W liturgii tego tygodnia:<\/li><\/ol><p><strong>w poniedzia\u0142ek<\/strong><\/p><ul><li>wspomnienie liturgiczne \u015bw. \u015awierada i Benedykta pustelnik\u00f3w, patron\u00f3w diecezji.<\/li><li><strong>Dzie\u0144 Fatimski<\/strong> w naszej parafii. \/prosimy o zg\u0142oszenie si\u0119 os\u00f3b do modlitwy\/<\/li><li>ca\u0142odzienna adoracja. Naj\u015bw. Sakr. O godzinie 17<sup>30 <\/sup>Nowenna do Ducha \u015awi\u0119tego i Msza \u015awi\u0119ta. Prowadzenie liturgii powierzamy naszym siostrom S\u0142u\u017cebnicom Ducha \u015awi\u0119tego<\/li><\/ul><p><strong>w \u015brod\u0119<\/strong><\/p><ul><li>o godz. 17<sup>30<\/sup>nowenna do MBNP i Msza \u015awi\u0119ta<\/li><\/ul><p><strong>w czwartek<\/strong><\/p><ul><li>wspomnienie liturgiczne NMP z G\u00f3ry Karmel. Siostry Karmelitanki Dzieci\u0105tka Jezus z parafii\u00a0\u015bw. Marka w Rzochowie zapraszaj\u0105 na odpust ku czci Matki Bo\u017cej z G\u00f3ry Karmel.\u00a0O godz. 17<sup>45<\/sup> procesja z\u00a0 figur\u0105 Matki Bo\u017cej z kaplicy si\u00f3str do Ko\u015bcio\u0142a,\u00a0o godz. 18<sup>00<\/sup> Msza \u015awi\u0119ta\u00a0 i mo\u017cliwo\u015b\u0107\u00a0 przyj\u0119cia\u00a0 Szkaplerza karmelita\u0144skiego.<\/li><\/ul><p><strong>w sobot\u0119<\/strong><\/p><ul><li>wspomnienie liturgiczne \u015bw. Szymona z Lipnicy<\/li><li>adoracja Naj\u015bw. Sakr. od godz. 17<sup>00<\/sup><\/li><\/ul><ol start=\"3\"><li>W przysz\u0142\u0105 niedziel\u0119 w czasie Mszy \u015awi\u0119tej o godz. 9<sup>00<\/sup> Akcja Katolicka podejmie sztafet\u0119 modlitewn\u0105 za naszego ksi\u0119dza biskupa Andrzeja. Po Mszy \u015awi\u0119tej odm\u00f3wimy koronk\u0119 do Mi\u0142osierdzia Bo\u017cego.<\/li><\/ol><ol start=\"4\"><li>Dzi\u0119kujemy za ofiary na organy przekazywane w kopertach na tac\u0119, w kancelarii i na nasze \u201eorganowe\u201d konto internetowe. Kolejnym rodzinom i osobom dzi\u0119kujemy za wi\u0119ksze ofiary. W przysz\u0142\u0105 niedziel\u0119 sk\u0142adka na nowe organy.<\/li><\/ol><ol start=\"5\"><li>Na rok 45-lecia przygotowali\u015bmy dla ka\u017cdej rodziny ksi\u0105\u017ck\u0119 &#8211; ciekawy album o naszej parafii i o organach. Ksi\u0105\u017cka mo\u017ce by\u0107 tak\u017ce dobrym prezentem. Przy wyj\u015bciu jeszcze mo\u017cna naby\u0107 ksi\u0105\u017ck\u0119. Ofiara od 25z\u0142. Ofiary s\u0105 cegie\u0142k\u0105 na nowe organy.<strong>\u00a0<\/strong><\/li><\/ol><ol start=\"6\"><li>Powoli ko\u0144czymy zapisy na VIII Parafialn\u0105 Pielgrzymk\u0119 Rowerow\u0105 na Jasn\u0105 G\u00f3r\u0119 w dniach\u00a0 od 24 do 26 lipca. Spotkanie uczestnik\u00f3w i ostatnie zapisy w poniedzia\u0142ek 20 lipca o godz. 19<sup>00 <\/sup>w sali KOK-u.<\/li><\/ol><ol start=\"7\"><li>Lista Pielgrzym\u00f3w do Gietrzwa\u0142du jest ju\u017c pe\u0142na. Mo\u017cna si\u0119 zapisa\u0107 na list\u0119 rezerwow\u0105. Koszt wyjazdu 500 z\u0142. Osoby kt\u00f3re wp\u0142aci\u0142y zaliczk\u0119 s\u0105 proszone o dop\u0142at\u0119 do ca\u0142ej kwoty w kancelarii do ko\u0144ca tygodnia. Spotkanie organizacyjne odb\u0119dzie si\u0119 27 lipca o godz. 19<sup>00<\/sup> w KOKu. Szczeg\u00f3\u0142y u ks. Tomasza.<strong>\u00a0<\/strong><\/li><\/ol><ol start=\"8\"><li>Zapisy na PPT do naszej Grupy 18. \u015bw. Wojciecha s\u0105 prowadzone przez ca\u0142y lipiec w kancelarii parafialnej, a tak\u017ce online. Tych, kt\u00f3rzy z r\u00f3\u017cnych wzgl\u0119d\u00f3w nie mog\u0105 uczestniczy\u0107 w ca\u0142ej pielgrzymce, zapraszamy do w\u0142\u0105czenia si\u0119 cho\u0107by na jeden dzie\u0144. W tym roku b\u0119dzie to dzie\u0144 wej\u015bcia na Jasn\u0105 G\u00f3r\u0119 \u2013 we wtorek, 25 sierpnia. Do specjalnie przygotowanej i oznaczonej skrzynki przy wyj\u015bciu z ko\u015bcio\u0142a mo\u017cna sk\u0142ada\u0107 intencje, w kt\u00f3rych b\u0119d\u0105 modli\u0107 si\u0119 pielgrzymi. Wi\u0119cej informacji o pielgrzymce oraz zapisach mo\u017cna znale\u017a\u0107 na stronie internetowej Pieszej Pielgrzymki Tarnowskiej oraz na FB Grupy 18.<\/li><\/ol><ol start=\"9\"><li>Parafialny Klub Turystyki G\u00f3rskiej zaprasza na wypraw\u0119 30 sierpnia w S\u0142owackie Taty. Przej\u015bcie od Popradzkiego Stawu, przez symboliczny cmentarz ofiar ludzi g\u00f3r, do Szczyrbskiego Jeziora. Trasa stosunkowo \u0142atwa dla ka\u017cdego. Tak\u017ce dla rodzin z dzie\u0107mi. Zapisy w kancelarii.<\/li><\/ol><ol start=\"10\"><li>Jubilatom i solenizantom tego tygodnia sk\u0142adamy serdeczne \u017cyczenia i zapraszamy do uczestnictwa w Eucharystii i przyj\u0119cia Komunii \u015awi\u0119tej.<br \/><br \/><\/li><li>W ostatnim tygodniu z naszej wsp\u00f3lnoty parafialnej odeszli do wieczno\u015bci: <em>\u015bp. Agnieszka Machnik z ul. Sienkiewicza i Rafa\u0142 Sz\u0119szo\u0142 z ul. D\u0105browskiego. <\/em>Pole\u0107my Ich dusze Mi\u0142osierdziu Bo\u017cemu.<\/li><\/ol>\t\t\t\t\t\t\t\t<\/div>\n\t\t\t\t<\/div>\n\t\t\t\t\t<\/div>\n\t\t<\/div>\n\t\t\t\t\t<\/div>\n\t\t<\/section>\n\t\t\t\t<\/div>\n\t\t","protected":false},"excerpt":{"rendered":"<p>Dzi\u015b po Eucharystii o godz. 1200 nast\u0105pi uroczyste po\u015bwi\u0119cenie tablicy pami\u0105tkowej, upami\u0119tniaj\u0105cej ofiary ludob\u00f3jstwa dokonanego&hellip;<\/p>\n","protected":false},"author":3,"featured_media":0,"comment_status":"closed","ping_status":"open","sticky":false,"template":"","format":"standard","meta":{"give_campaign_id":0,"footnotes":""},"categories":[228],"tags":[],"class_list":["post-32215","post","type-post","status-publish","format-standard","hentry","category-ogloszenia"],"_links":{"self":[{"href":"https:\/\/www.duch.mielec.pl\/index.php?rest_route=\/wp\/v2\/posts\/32215","targetHints":{"allow":["GET"]}}],"collection":[{"href":"https:\/\/www.duch.mielec.pl\/index.php?rest_route=\/wp\/v2\/posts"}],"about":[{"href":"https:\/\/www.duch.mielec.pl\/index.php?rest_route=\/wp\/v2\/types\/post"}],"author":[{"embeddable":true,"href":"https:\/\/www.duch.mielec.pl\/index.php?rest_route=\/wp\/v2\/users\/3"}],"replies":[{"embeddable":true,"href":"https:\/\/www.duch.mielec.pl\/index.php?rest_route=%2Fwp%2Fv2%2Fcomments&post=32215"}],"version-history":[{"count":4,"href":"https:\/\/www.duch.mielec.pl\/index.php?rest_route=\/wp\/v2\/posts\/32215\/revisions"}],"predecessor-version":[{"id":32219,"href":"https:\/\/www.duch.mielec.pl\/index.php?rest_route=\/wp\/v2\/posts\/32215\/revisions\/32219"}],"wp:attachment":[{"href":"https:\/\/www.duch.mielec.pl\/index.php?rest_route=%2Fwp%2Fv2%2Fmedia&parent=32215"}],"wp:term":[{"taxonomy":"category","embeddable":true,"href":"https:\/\/www.duch.mielec.pl\/index.php?rest_route=%2Fwp%2Fv2%2Fcategories&post=32215"},{"taxonomy":"post_tag","embeddable":true,"href":"https:\/\/www.duch.mielec.pl\/index.php?rest_route=%2Fwp%2Fv2%2Ftags&post=32215"}],"curies":[{"name":"wp","href":"https:\/\/api.w.org\/{rel}","templated":true}]}}