{"id":32163,"date":"2026-07-05T17:45:17","date_gmt":"2026-07-05T15:45:17","guid":{"rendered":"https:\/\/www.duch.mielec.pl\/?p=32163"},"modified":"2026-07-19T17:48:21","modified_gmt":"2026-07-19T15:48:21","slug":"2026-07-05-xiv-niedziela-zwykla","status":"publish","type":"post","link":"https:\/\/www.duch.mielec.pl\/?p=32163","title":{"rendered":"2026.07.05 &#8211; XIV Niedziela Zwyk\u0142a"},"content":{"rendered":"\t\t<div data-elementor-type=\"wp-post\" data-elementor-id=\"32163\" class=\"elementor elementor-32163\">\n\t\t\t\t\t\t<section class=\"elementor-section elementor-top-section elementor-element elementor-element-610661f elementor-section-boxed elementor-section-height-default elementor-section-height-default sc_fly_static\" data-id=\"610661f\" data-element_type=\"section\">\n\t\t\t\t\t\t<div class=\"elementor-container elementor-column-gap-extended\">\n\t\t\t\t\t<div class=\"elementor-column elementor-col-100 elementor-top-column elementor-element elementor-element-0112520 sc_inner_width_none sc_content_align_inherit sc_layouts_column_icons_position_left sc_fly_static\" data-id=\"0112520\" data-element_type=\"column\">\n\t\t\t<div class=\"elementor-widget-wrap elementor-element-populated\">\n\t\t\t\t\t\t<div class=\"elementor-element elementor-element-9cd8c2a sc_fly_static elementor-widget elementor-widget-text-editor\" data-id=\"9cd8c2a\" data-element_type=\"widget\" data-widget_type=\"text-editor.default\">\n\t\t\t\t<div class=\"elementor-widget-container\">\n\t\t\t\t\t\t\t\t\t<ol>\n \t<li>Przypominamy wakacyjny porz\u0105dek Mszy \u015awi\u0119tych w dni powszednie. <u>W ko\u015bciele<\/u>: Eucharystia o godz. 7<sup>00<\/sup>; 18<sup>00<\/sup>; <u>w Bursie<\/u>: o 7<sup>30<\/sup>\/\u015broda i sobota\/.\nKancelaria parafialna w czasie wakacji czynna w godz. 8<sup>30<\/sup> &#8211; 9<sup>00<\/sup> i od godz. 16<sup>00<\/sup> &#8211; 17<sup>00<\/sup>.<\/li>\n<\/ol>\n<ol start=\"2\">\n \t<li>W liturgii tego tygodnia:<\/li>\n<\/ol>\n<p style=\"padding-left: 40px;\"><strong>w poniedzia\u0142ek<\/strong>\n<ul>\n \t<li style=\"list-style-type: none;\">\n<ul>\n \t<li style=\"list-style-type: none;\">\n<ul>\n \t<li>Wspomnienie liturgiczne b\u0142. Marii Teresy Led\u00f3chowskiej.<\/li>\n \t<li>Patronalne \u015bwi\u0119to Apostolstwa Chorych.<\/li>\n \t<li>Ca\u0142odzienna adoracja Naj\u015bwi\u0119tszego Sakramentu. O godzinie 17<sup>30 <\/sup>Nowenna do Ducha \u015awi\u0119tego i Msza \u015awi\u0119ta. Prowadzenie liturgii powierzamy Bractwu Ducha \u015awi\u0119tego.<\/li>\n<\/ul>\n<\/li>\n<\/ul>\n<\/li>\n<\/ul>\n<p style=\"padding-left: 40px;\"><strong>w \u015brod\u0119<\/strong><\/p>\n\n<ul>\n \t<li style=\"list-style-type: none;\">\n<ul>\n \t<li style=\"list-style-type: none;\">\n<ul>\n \t<li>Nowenna do MBNP, Msza \u015awi\u0119ta o godz. 17<sup>30<\/sup><\/li>\n<\/ul>\n<\/li>\n<\/ul>\n<\/li>\n<\/ul>\n<p style=\"padding-left: 40px;\"><strong>w sobot\u0119<\/strong><\/p>\n\n<ul>\n \t<li style=\"list-style-type: none;\">\n<ul>\n \t<li style=\"list-style-type: none;\">\n<ul>\n \t<li>\u015awi\u0119to \u015bw. Benedykta, opata, patrona Europy.<\/li>\n \t<li>Adoracja Naj\u015bwi\u0119tszego Sakramentu od godz. 17<sup>00<\/sup><\/li>\n<\/ul>\n<\/li>\n<\/ul>\n<\/li>\n<\/ul>\n<ol start=\"3\">\n \t<li>Zapraszamy wszystkich parafian oraz go\u015bci na uroczyst\u0105 Msz\u0119 \u015awi\u0119t\u0105, kt\u00f3ra odb\u0119dzie si\u0119 w przysz\u0142\u0105 niedziel\u0119 o godz. 12<sup>00<\/sup> w naszym ko\u015bciele. Po Eucharystii nast\u0105pi uroczyste ods\u0142oni\u0119cie i po\u015bwi\u0119cenie tablicy pami\u0105tkowej, upami\u0119tniaj\u0105cej ofiary ludob\u00f3jstwa dokonanego przez ukrai\u0144skich nacjonalist\u00f3w w latach 1943-1945 na po\u0142udniowo-wschodnich ziemiach II Rzeczypospolitej. Niech to wsp\u00f3lne wydarzenie b\u0119dzie wyrazem naszej pami\u0119ci oraz troski o zachowanie historii tych, kt\u00f3rzy zostali zamordowani tylko dlatego, \u017ce byli Polakami. Serdecznie zach\u0119camy do licznego udzia\u0142u we wsp\u00f3lnej modlitwie.<strong>\u00a0<\/strong><\/li>\n<\/ol>\n<ol start=\"4\">\n \t<li>Dzi\u0119kujemy za udzia\u0142 w naszym \u015bwi\u0119cie \u201eRodzinnie u Ducha\u201d. Wszystkim, kt\u00f3rzy w jakikolwiek spos\u00f3b pomogli zorganizowa\u0107 to pi\u0119kne spotkanie sk\u0142adamy serdeczne B\u00f3g zap\u0142a\u0107. Wiele zdj\u0119\u0107 z tego wydarzenia znajduje si\u0119 na parafialnym FB.<strong>\u00a0<\/strong><\/li>\n<\/ol>\n<ol start=\"5\">\n \t<li>Na rok 45. lecia parafii przygotowali\u015bmy dla ka\u017cdej rodziny ksi\u0105\u017ck\u0119 \u2013 ciekawy album o naszej parafii i o organach. Ksi\u0105\u017cka mo\u017ce by\u0107 tak\u017ce dobrym prezentem. Przy wyj\u015bciu mo\u017cna naby\u0107 ksi\u0105\u017ck\u0119. Ofiara od 25 z\u0142. Ofiary s\u0105 cegie\u0142k\u0105 na nowe organy.<strong>\u00a0<\/strong><\/li>\n<\/ol>\n<ol start=\"6\">\n \t<li>\u201ePOS\u0141ANI\u201d \u2013 to has\u0142o 44. Pieszej Pielgrzymki Tarnowskiej na Jasn\u0105 G\u00f3r\u0119, kt\u00f3ra rozpocznie si\u0119 17 sierpnia Msz\u0105 \u015awi\u0119t\u0105 o godz. 6<sup>30<\/sup> w Tarnowie. Zapisy do naszej Grupy 18. \u015bw. Wojciecha b\u0119d\u0105 prowadzone przez ca\u0142y lipiec w kancelarii parafialnej, a tak\u017ce online. W sierpniu zapisy b\u0119d\u0105 mo\u017cliwe wy\u0142\u0105cznie podczas spotkania przedpielgrzymkowego 9 sierpnia o godz. 15<sup>00<\/sup> w dolnym ko\u015bciele. Tych, kt\u00f3rzy z r\u00f3\u017cnych wzgl\u0119d\u00f3w nie mog\u0105 uczestniczy\u0107 w ca\u0142ej pielgrzymce, zapraszamy do w\u0142\u0105czenia si\u0119 cho\u0107by na jeden dzie\u0144. W tym roku b\u0119dzie to dzie\u0144 wej\u015bcia na Jasn\u0105 G\u00f3r\u0119 \u2013 we wtorek, 25 sierpnia. Trasa od ul. Hektarowej liczy zaledwie 10 km. Do specjalnie przygotowanej i oznaczonej skrzynki przy wyj\u015bciu z ko\u015bcio\u0142a mo\u017cna sk\u0142ada\u0107 intencje, w kt\u00f3rych b\u0119d\u0105 modli\u0107 si\u0119 pielgrzymi. Mo\u017cna r\u00f3wnie\u017c wesprze\u0107 materialnie organizacj\u0119 naszej Grupy 18. Wi\u0119cej informacji o pielgrzymce oraz zapisach mo\u017cna znale\u017a\u0107 na stronie internetowej Pieszej Pielgrzymki Tarnowskiej oraz na FB Grupy 18.<\/li>\n<\/ol>\n<ol start=\"7\">\n \t<li>Zapraszamy na VIII Parafialn\u0105 Pielgrzymk\u0119 Rowerow\u0105 na Jasn\u0105 G\u00f3r\u0119 w dniach od 24 do 26 lipca. Szczeg\u00f3\u0142y na parafialnym FB i na stronie. Zapisy w kancelarii.<\/li>\n<\/ol>\n<ol start=\"8\">\n \t<li>W dniach od 16 do 19 lipca odb\u0119dzie si\u0119 4 Rowerowa Pielgrzymka Tarnowska na Jasn\u0105 G\u00f3r\u0119. Wszelkie szczeg\u00f3\u0142y i zapisy na stronie pielgrzymki: <a href=\"https:\/\/rowerowapielgrzymkatarnowska.pl\">https:\/\/rowerowapielgrzymkatarnowska.pl<\/a><\/li>\n<\/ol>\n<ol start=\"10\">\n \t<li>Arcybractwo Naj\u015bwi\u0119tszego Serca Pana Jezusa zaprasza wszystkich na Parafialn\u0105 Pielgrzymk\u0119 do Gietrzwa\u0142du w dniach 31 lipca do 2 sierpnia. W programie te\u017c m.in. \u015awi\u0119ta Lipka, St\u0119bark, Muzeum Grunwald, Ostr\u00f3da. Cena ok. 500 z\u0142. w zale\u017cno\u015bci od ilo\u015bci os\u00f3b. Zapisy w kancelarii do 22 lipca, przy zapisie p\u0142atne 200 z\u0142. Szczeg\u00f3\u0142y u ks. Tomasza.<\/li>\n \t<li>Jubilatom i solenizantom tego tygodnia sk\u0142adamy serdeczne \u017cyczenia i zapraszamy do uczestnictwa w Eucharystii i przyj\u0119cia Komunii \u015awi\u0119tej.<\/li>\n<\/ol>\t\t\t\t\t\t\t\t<\/div>\n\t\t\t\t<\/div>\n\t\t\t\t\t<\/div>\n\t\t<\/div>\n\t\t\t\t\t<\/div>\n\t\t<\/section>\n\t\t\t\t<\/div>\n\t\t","protected":false},"excerpt":{"rendered":"<p>Przypominamy wakacyjny porz\u0105dek Mszy \u015awi\u0119tych w dni powszednie. W ko\u015bciele: Eucharystia o godz. 700; 1800;&hellip;<\/p>\n","protected":false},"author":3,"featured_media":0,"comment_status":"closed","ping_status":"open","sticky":false,"template":"","format":"standard","meta":{"give_campaign_id":0,"footnotes":""},"categories":[228],"tags":[],"class_list":["post-32163","post","type-post","status-publish","format-standard","hentry","category-ogloszenia"],"_links":{"self":[{"href":"https:\/\/www.duch.mielec.pl\/index.php?rest_route=\/wp\/v2\/posts\/32163","targetHints":{"allow":["GET"]}}],"collection":[{"href":"https:\/\/www.duch.mielec.pl\/index.php?rest_route=\/wp\/v2\/posts"}],"about":[{"href":"https:\/\/www.duch.mielec.pl\/index.php?rest_route=\/wp\/v2\/types\/post"}],"author":[{"embeddable":true,"href":"https:\/\/www.duch.mielec.pl\/index.php?rest_route=\/wp\/v2\/users\/3"}],"replies":[{"embeddable":true,"href":"https:\/\/www.duch.mielec.pl\/index.php?rest_route=%2Fwp%2Fv2%2Fcomments&post=32163"}],"version-history":[{"count":7,"href":"https:\/\/www.duch.mielec.pl\/index.php?rest_route=\/wp\/v2\/posts\/32163\/revisions"}],"predecessor-version":[{"id":32242,"href":"https:\/\/www.duch.mielec.pl\/index.php?rest_route=\/wp\/v2\/posts\/32163\/revisions\/32242"}],"wp:attachment":[{"href":"https:\/\/www.duch.mielec.pl\/index.php?rest_route=%2Fwp%2Fv2%2Fmedia&parent=32163"}],"wp:term":[{"taxonomy":"category","embeddable":true,"href":"https:\/\/www.duch.mielec.pl\/index.php?rest_route=%2Fwp%2Fv2%2Fcategories&post=32163"},{"taxonomy":"post_tag","embeddable":true,"href":"https:\/\/www.duch.mielec.pl\/index.php?rest_route=%2Fwp%2Fv2%2Ftags&post=32163"}],"curies":[{"name":"wp","href":"https:\/\/api.w.org\/{rel}","templated":true}]}}