{"id":32080,"date":"2026-06-28T12:15:45","date_gmt":"2026-06-28T10:15:45","guid":{"rendered":"https:\/\/www.duch.mielec.pl\/?p=32080"},"modified":"2026-07-05T11:30:12","modified_gmt":"2026-07-05T09:30:12","slug":"poslani-44-piesza-pielgrzymka-tarnowska-na-jasna-gore","status":"publish","type":"post","link":"https:\/\/www.duch.mielec.pl\/?p=32080","title":{"rendered":"POS\u0141ANI &#8211; 44. Piesza Pielgrzymka Tarnowska na Jasn\u0105 G\u00f3r\u0119"},"content":{"rendered":"\t\t<div data-elementor-type=\"wp-post\" data-elementor-id=\"32080\" class=\"elementor elementor-32080\">\n\t\t\t\t\t\t<section class=\"elementor-section elementor-top-section elementor-element elementor-element-da4dec2 elementor-section-boxed elementor-section-height-default elementor-section-height-default sc_fly_static\" data-id=\"da4dec2\" data-element_type=\"section\">\n\t\t\t\t\t\t<div class=\"elementor-container elementor-column-gap-extended\">\n\t\t\t\t\t<div class=\"elementor-column elementor-col-100 elementor-top-column elementor-element elementor-element-dd83f58 sc_inner_width_none sc_content_align_inherit sc_layouts_column_icons_position_left sc_fly_static\" data-id=\"dd83f58\" data-element_type=\"column\">\n\t\t\t<div class=\"elementor-widget-wrap elementor-element-populated\">\n\t\t\t\t\t\t<div class=\"elementor-element elementor-element-d1a58f3 sc_fly_static elementor-widget elementor-widget-text-editor\" data-id=\"d1a58f3\" data-element_type=\"widget\" data-widget_type=\"text-editor.default\">\n\t\t\t\t<div class=\"elementor-widget-container\">\n\t\t\t\t\t\t\t\t\t<h4 style=\"text-align: center;\">\u201ePOS\u0141ANI\u201d \u2013 to has\u0142o 44. Pieszej Pielgrzymki Tarnowskiej na\u00a0Jasn\u0105 G\u00f3r\u0119,<\/h4><p style=\"text-align: justify;\">kt\u00f3ra rozpocznie si\u0119 17 sierpnia Msz\u0105 \u015awi\u0119t\u0105 o godz. 6<sup>30<\/sup> w Tarnowie. Radio RDN b\u0119dzie transmitowa\u0107 t\u0119 Eucharysti\u0119 oraz na bie\u017c\u0105co relacjonowa\u0107 przebieg ca\u0142ej pielgrzymki.<\/p><p style=\"text-align: justify;\"><strong><img fetchpriority=\"high\" decoding=\"async\" class=\"alignright wp-image-32083 size-medium\" src=\"https:\/\/www.duch.mielec.pl\/wp-content\/uploads\/2026\/06\/44.ppt-300x225.png\" alt=\"\" width=\"300\" height=\"225\" srcset=\"https:\/\/www.duch.mielec.pl\/wp-content\/uploads\/2026\/06\/44.ppt-300x225.png 300w, https:\/\/www.duch.mielec.pl\/wp-content\/uploads\/2026\/06\/44.ppt-1024x768.png 1024w, https:\/\/www.duch.mielec.pl\/wp-content\/uploads\/2026\/06\/44.ppt-768x576.png 768w, https:\/\/www.duch.mielec.pl\/wp-content\/uploads\/2026\/06\/44.ppt-370x278.png 370w, https:\/\/www.duch.mielec.pl\/wp-content\/uploads\/2026\/06\/44.ppt-840x630.png 840w, https:\/\/www.duch.mielec.pl\/wp-content\/uploads\/2026\/06\/44.ppt-410x308.png 410w, https:\/\/www.duch.mielec.pl\/wp-content\/uploads\/2026\/06\/44.ppt-890x664.png 890w, https:\/\/www.duch.mielec.pl\/wp-content\/uploads\/2026\/06\/44.ppt-600x450.png 600w, https:\/\/www.duch.mielec.pl\/wp-content\/uploads\/2026\/06\/44.ppt.png 1448w\" sizes=\"(max-width: 300px) 100vw, 300px\" \/><br \/>Zapisy do naszej Grupy 18. \u015bw. Wojciecha b\u0119d\u0105 prowadzone przez ca\u0142y lipiec w kancelarii parafialnej, a tak\u017ce online &#8211; <a href=\"https:\/\/docs.google.com\/forms\/d\/1rPGzUVJgUgCTFFgP7o2iBSqK1J-L7g0sLxU9e1P6bYU\/viewform?edit_requested=true\">kliknij i przejd\u017a do formularza<\/a>.<\/strong><\/p><p style=\"text-align: justify;\"><strong>W sierpniu zapisy b\u0119d\u0105 mo\u017cliwe wy\u0142\u0105cznie podczas spotkania przedpielgrzymkowego 9 sierpnia o godz. 15<sup>00<\/sup> w dolnym ko\u015bciele.<br \/><br \/><\/strong><\/p><p style=\"text-align: justify;\">Zach\u0119camy wszystkich do udzia\u0142u w pielgrzymce. Szczeg\u00f3lne zaproszenie kierujemy do ludzi m\u0142odych, student\u00f3w, maturzyst\u00f3w oraz os\u00f3b, kt\u00f3re niedawno przyj\u0119\u0142y sakrament bierzmowania. Zach\u0119camy do rozwa\u017cenia podj\u0119cia tego wyj\u0105tkowego duchowego wysi\u0142ku. Zapraszamy r\u00f3wnie\u017c osoby ch\u0119tne do pomocy w organizacji naszej grupy. Poszukujemy wolontariuszy do grup funkcyjnych: medialnej, muzycznej oraz braci i si\u00f3str porz\u0105dkowych. Kontakt z ks. Rafa\u0142em. Tych, kt\u00f3rzy z r\u00f3\u017cnych wzgl\u0119d\u00f3w nie mog\u0105 uczestniczy\u0107 w ca\u0142ej pielgrzymce, zapraszamy do w\u0142\u0105czenia si\u0119 cho\u0107by na jeden dzie\u0144. W tym roku b\u0119dzie to dzie\u0144 wej\u015bcia na Jasn\u0105 G\u00f3r\u0119 \u2013 we wtorek, 25 sierpnia. Trasa od ul. Hektarowej liczy zaledwie 10 km. Do specjalnie przygotowanej i oznaczonej skrzynki przy wyj\u015bciu z ko\u015bcio\u0142a mo\u017cna sk\u0142ada\u0107 intencje, w kt\u00f3rych b\u0119d\u0105 modli\u0107 si\u0119 pielgrzymi. Mo\u017cna r\u00f3wnie\u017c wesprze\u0107 materialnie organizacj\u0119 naszej Grupy 18. Wi\u0119cej informacji o pielgrzymce oraz zapisach mo\u017cna znale\u017a\u0107 na stronie internetowej Pieszej Pielgrzymki Tarnowskiej oraz na Facebookowym profilu Grupy 18 \u2013\u00a0<a href=\"https:\/\/www.facebook.com\/grupa18ppt\">https:\/\/www.facebook.com\/grupa18ppt<\/a><\/p>\t\t\t\t\t\t\t\t<\/div>\n\t\t\t\t<\/div>\n\t\t\t\t\t<\/div>\n\t\t<\/div>\n\t\t\t\t\t<\/div>\n\t\t<\/section>\n\t\t\t\t<\/div>\n\t\t","protected":false},"excerpt":{"rendered":"<p>\u201ePOS\u0141ANI\u201d \u2013 to has\u0142o 44. Pieszej Pielgrzymki Tarnowskiej na\u00a0Jasn\u0105 G\u00f3r\u0119, kt\u00f3ra rozpocznie si\u0119 17 sierpnia&hellip;<\/p>\n","protected":false},"author":3,"featured_media":0,"comment_status":"closed","ping_status":"open","sticky":false,"template":"","format":"standard","meta":{"give_campaign_id":0,"footnotes":""},"categories":[216],"tags":[],"class_list":["post-32080","post","type-post","status-publish","format-standard","hentry","category-aktualnosci"],"_links":{"self":[{"href":"https:\/\/www.duch.mielec.pl\/index.php?rest_route=\/wp\/v2\/posts\/32080","targetHints":{"allow":["GET"]}}],"collection":[{"href":"https:\/\/www.duch.mielec.pl\/index.php?rest_route=\/wp\/v2\/posts"}],"about":[{"href":"https:\/\/www.duch.mielec.pl\/index.php?rest_route=\/wp\/v2\/types\/post"}],"author":[{"embeddable":true,"href":"https:\/\/www.duch.mielec.pl\/index.php?rest_route=\/wp\/v2\/users\/3"}],"replies":[{"embeddable":true,"href":"https:\/\/www.duch.mielec.pl\/index.php?rest_route=%2Fwp%2Fv2%2Fcomments&post=32080"}],"version-history":[{"count":34,"href":"https:\/\/www.duch.mielec.pl\/index.php?rest_route=\/wp\/v2\/posts\/32080\/revisions"}],"predecessor-version":[{"id":32158,"href":"https:\/\/www.duch.mielec.pl\/index.php?rest_route=\/wp\/v2\/posts\/32080\/revisions\/32158"}],"wp:attachment":[{"href":"https:\/\/www.duch.mielec.pl\/index.php?rest_route=%2Fwp%2Fv2%2Fmedia&parent=32080"}],"wp:term":[{"taxonomy":"category","embeddable":true,"href":"https:\/\/www.duch.mielec.pl\/index.php?rest_route=%2Fwp%2Fv2%2Fcategories&post=32080"},{"taxonomy":"post_tag","embeddable":true,"href":"https:\/\/www.duch.mielec.pl\/index.php?rest_route=%2Fwp%2Fv2%2Ftags&post=32080"}],"curies":[{"name":"wp","href":"https:\/\/api.w.org\/{rel}","templated":true}]}}