{"id":32051,"date":"2026-06-27T21:26:57","date_gmt":"2026-06-27T19:26:57","guid":{"rendered":"https:\/\/www.duch.mielec.pl\/?p=32051"},"modified":"2026-06-28T09:45:57","modified_gmt":"2026-06-28T07:45:57","slug":"2026-06-28-xiii-niedziela-zwykla","status":"publish","type":"post","link":"https:\/\/www.duch.mielec.pl\/?p=32051","title":{"rendered":"2026.06.28 &#8211; XIII Niedziela Zwyk\u0142a"},"content":{"rendered":"\t\t<div data-elementor-type=\"wp-post\" data-elementor-id=\"32051\" class=\"elementor elementor-32051\">\n\t\t\t\t\t\t<section class=\"elementor-section elementor-top-section elementor-element elementor-element-9fa9e77 elementor-section-boxed elementor-section-height-default elementor-section-height-default sc_fly_static\" data-id=\"9fa9e77\" data-element_type=\"section\">\n\t\t\t\t\t\t<div class=\"elementor-container elementor-column-gap-extended\">\n\t\t\t\t\t<div class=\"elementor-column elementor-col-100 elementor-top-column elementor-element elementor-element-eccef01 sc_inner_width_none sc_content_align_inherit sc_layouts_column_icons_position_left sc_fly_static\" data-id=\"eccef01\" data-element_type=\"column\">\n\t\t\t<div class=\"elementor-widget-wrap elementor-element-populated\">\n\t\t\t\t\t\t<div class=\"elementor-element elementor-element-8f49585 sc_fly_static elementor-widget elementor-widget-text-editor\" data-id=\"8f49585\" data-element_type=\"widget\" data-widget_type=\"text-editor.default\">\n\t\t\t\t<div class=\"elementor-widget-container\">\n\t\t\t\t\t\t\t\t\t<ol><li>Dzi\u015b podczas Mszy \u015awi\u0119tej o godz. 12<sup>00<\/sup> odb\u0119dzie si\u0119 uroczyste wprowadzenie relikwii \u015awi\u0119tej Eleny Guerra Aposto\u0142ki Ducha \u015awi\u0119tego do naszej parafii. Zapraszamy cz\u0142onk\u00f3w Bractwa Ducha \u015awi\u0119tego i wszystkich parafian na t\u0119 uroczysto\u015b\u0107.<br \/><br \/><\/li><li>O jutra wchodzimy w wakacyjny porz\u0105dek Mszy \u015awi\u0119tych w dni powszednie. <u>W ko\u015bciele<\/u>: Eucharystia o godz. 7<sup>00<\/sup>; 18<sup>00<\/sup>; <u>w Bursie<\/u>: o 7<sup>30 <\/sup>\/\u015broda i sobota\/.<p>Kancelaria parafialna w czasie wakacji czynna w godz. 8<sup>30<\/sup> &#8211; 9<sup>00<\/sup> i od godz. 16<sup>00<\/sup> &#8211; 17<sup>00<\/sup>.<\/p><\/li><\/ol><ol start=\"3\"><li>W liturgii tego tygodnia:<\/li><\/ol><p style=\"padding-left: 40px;\"><strong>w poniedzia\u0142ek<\/strong><\/p><ul><li style=\"list-style-type: none;\"><ul><li style=\"list-style-type: none;\"><ul><li><strong>Uroczysto\u015b\u0107 \u015awi\u0119tych Aposto\u0142\u00f3w Piotra i Paw\u0142a.<br \/><\/strong>Msze \u015awi\u0119te w naszym ko\u015bciele o godz. <strong>6<sup>00<\/sup>; 7<sup>30<\/sup>; 9<sup>00<\/sup>; 15<sup>30<\/sup>; 17<sup>00<\/sup>; 19<sup>00<\/sup><\/strong>. W Bursie o godz. 18<sup>00<\/sup>. Nabo\u017ce\u0144stwo czerwcowe o godz. 18<sup>30<\/sup>. Ofiary z\u0142o\u017cone w tym dniu na tac\u0119 to tzw. \u201e\u015bwi\u0119topietrze\u201d, przekazywane na Stolic\u0119 Apostolsk\u0105<\/li><li>Z racji uroczysto\u015bci nie b\u0119dzie ca\u0142odziennej adoracji Naj\u015bw. Sakr.<\/li><\/ul><\/li><\/ul><\/li><\/ul><p style=\"padding-left: 40px;\"><strong>w \u015brod\u0119<\/strong><\/p><ul><li style=\"list-style-type: none;\"><ul><li style=\"list-style-type: none;\"><ul><li>Nowenna do MBNP, Msza \u015awi\u0119ta o godz. 17<sup>30<\/sup><\/li><\/ul><\/li><\/ul><\/li><\/ul><p style=\"padding-left: 40px;\"><strong>w czwartek<\/strong><\/p><ul><li style=\"list-style-type: none;\"><ul><li style=\"list-style-type: none;\"><ul><li>\u015awi\u0119to NMP Tuchowskiej<\/li><\/ul><\/li><\/ul><\/li><\/ul><p style=\"padding-left: 40px;\"><strong>w pi\u0105tek<\/strong><\/p><ul><li style=\"list-style-type: none;\"><ul><li style=\"list-style-type: none;\"><ul><li>\u015awi\u0119to \u015bw. Tomasza Aposto\u0142a<\/li><\/ul><\/li><\/ul><\/li><\/ul><p style=\"padding-left: 40px;\"><strong>w sobot\u0119<\/strong><\/p><ul><li style=\"list-style-type: none;\"><ul><li style=\"list-style-type: none;\"><ul><li>Adoracja Naj\u015bwi\u0119tszego Sakramentu od godz. 17<sup>00<\/sup><\/li><\/ul><\/li><\/ul><\/li><\/ul><ol start=\"4\"><li>W tym tygodniu przypada I czwartek I pi\u0105tek i I sobota miesi\u0105ca. Okazja do spowiedzi w czwartek i w pi\u0105tek od godz. 17<sup>00<\/sup> \/na czwartek prosimy dzieci i m\u0142odzie\u017c\/. Do chorych z pos\u0142ug\u0105 pojedziemy w pi\u0105tek od godz. 9<sup>00<\/sup>. Ze wzgl\u0119du na wyjazdy wakacyjne rodzin, odwiedzimy tylko chorych zg\u0142oszonych w kancelarii.<p>Adoracja Naj\u015bwi\u0119tszego Sakramentu:<br \/>&#8211; pi\u0105tek w czasie spowiedzi; <br \/>&#8211; w czwartek i pi\u0105tek po wieczornej eucharystii do godz. 21<sup>00<br \/><\/sup>&#8211; w sobot\u0119 do godz. 9<sup>00<\/sup>.<\/p><\/li><\/ol><ol start=\"5\"><li>Dzi\u0119kujemy za liczny udzia\u0142 parafian w wybudzeniu i po\u015bwi\u0119ceniu nowych organ\u00f3w.<p>Na rok 45-lecia przygotowali\u015bmy dla ka\u017cdej rodziny ksi\u0105\u017ck\u0119 \u2013 ciekawy album o naszej parafii i o organach. Ksi\u0105\u017cka mo\u017ce by\u0107 tak\u017ce dobrym prezentem. Przy wyj\u015bciu mo\u017cna naby\u0107 ksi\u0105\u017ck\u0119. Ofiara od 25 z\u0142. Ofiary s\u0105 cegie\u0142k\u0105 na nowe organy.<\/p><\/li><\/ol><ol start=\"6\"><li>Ostatnio zainstalowali\u015bmy w ko\u015bciele nowoczesny multimedialny system \u201eSerafin\u201d. Opr\u00f3cz wy\u015bwietlania tekst\u00f3w b\u0119dziemy mogli pokazywa\u0107 prezentacje i transmisje. W przysz\u0142\u0105 niedziele zbierzemy ofiary na ten cel.<br \/><br \/><\/li><li>Dzi\u015b sp\u0119dzimy popo\u0142udnie i wiecz\u00f3r na integracyjnym spotkaniu parafialnym <strong><em>\u201eRodzinnie u Ducha\u201d<\/em><\/strong>. B\u0119dzie wiele atrakcji dla ka\u017cdego. Nie gotujmy obiadu \u2013 zapraszamy na stra\u017cack\u0105 groch\u00f3wk\u0119, mi\u0119so i kie\u0142baski z grilla. B\u0119d\u0105 te\u017c lody. Zapraszamy do zaprezentowania na scenie piosenki lub wiersza o naszej parafii. Trwa licytacja koszulki FC Barcelona podpisan\u0105 przez Roberta Lewandowskiego. Przy wyj\u015bciu mo\u017cna naby\u0107 cegie\u0142ki. Ka\u017cda cegie\u0142ka wygrywa. G\u0142\u00f3wne nagrody to rowery, drukarki, samochody na weekend, vouchery na pizz\u0119, do myjni samochodowej i wiele innych. Losowanie g\u0142\u00f3wnych nagr\u00f3d wieczorem. Gwiazd\u0105 wieczoru b\u0119dzie znany w Polsce Pawe\u0142 Go\u0142ecki z zespo\u0142em. Ze wzgl\u0119du na upaln\u0105 pogod\u0119 prosimy zabra\u0107 nakrycie g\u0142owy. Ju\u017c teraz dzi\u0119kujemy naszym dobrodziejom.<br \/>\u201eRodzinnie u Ducha\u201d obj\u0119\u0142y patronatem: Gmina Miejska Mielec i Starostwo Powiatowe. Dzi\u0119kujemy za wszelk\u0105 pomoc i \u017cyczliwo\u015b\u0107. Serdecznie zapraszamy \u2013 Dzieci niech b\u0119d\u0105 ju\u017c od godz. 15<sup>30<\/sup>.<\/li><\/ol><ol start=\"8\"><li>\u201ePOS\u0141ANI\u201d \u2013 to has\u0142o 44. Pieszej Pielgrzymki Tarnowskiej na Jasn\u0105 G\u00f3r\u0119, kt\u00f3ra rozpocznie si\u0119 17 sierpnia Msz\u0105 \u015awi\u0119t\u0105 o godz. 6<sup>30<\/sup> w Tarnowie. Radio RDN b\u0119dzie transmitowa\u0107 t\u0119 Eucharysti\u0119 oraz na bie\u017c\u0105co relacjonowa\u0107 przebieg ca\u0142ej pielgrzymki. Zapisy do naszej Grupy 18. \u015bw. Wojciecha b\u0119d\u0105 prowadzone przez ca\u0142y lipiec w kancelarii parafialnej, a tak\u017ce online. W sierpniu zapisy b\u0119d\u0105 mo\u017cliwe wy\u0142\u0105cznie podczas spotkania przedpielgrzymkowego 9 sierpnia o godz. 15<sup>00<\/sup> w dolnym ko\u015bciele. Zach\u0119camy wszystkich do udzia\u0142u w pielgrzymce. Szczeg\u00f3lne zaproszenie kierujemy do ludzi m\u0142odych, student\u00f3w, maturzyst\u00f3w oraz os\u00f3b, kt\u00f3re niedawno przyj\u0119\u0142y sakrament bierzmowania. Zach\u0119camy do rozwa\u017cenia podj\u0119cia tego wyj\u0105tkowego duchowego wysi\u0142ku. Zapraszamy r\u00f3wnie\u017c osoby ch\u0119tne do pomocy w organizacji naszej grupy. Poszukujemy wolontariuszy do grup funkcyjnych: medialnej, muzycznej oraz braci i si\u00f3str porz\u0105dkowych. Kontakt z ks. Rafa\u0142em. Tych, kt\u00f3rzy z r\u00f3\u017cnych wzgl\u0119d\u00f3w nie mog\u0105 uczestniczy\u0107 w ca\u0142ej pielgrzymce, zapraszamy do w\u0142\u0105czenia si\u0119 cho\u0107by na jeden dzie\u0144. W tym roku b\u0119dzie to dzie\u0144 wej\u015bcia na Jasn\u0105 G\u00f3r\u0119 &#8211; we wtorek, 25 sierpnia. Trasa od ul. Hektarowej liczy zaledwie 10 km. Do specjalnie przygotowanej i oznaczonej skrzynki przy wyj\u015bciu z ko\u015bcio\u0142a mo\u017cna sk\u0142ada\u0107 intencje, w kt\u00f3rych b\u0119d\u0105 modli\u0107 si\u0119 pielgrzymi. Mo\u017cna r\u00f3wnie\u017c wesprze\u0107 materialnie organizacj\u0119 naszej Grupy 18. Wi\u0119cej informacji o pielgrzymce oraz zapisach mo\u017cna znale\u017a\u0107 na stronie internetowej Pieszej Pielgrzymki Tarnowskiej oraz na Facebookowym profilu Grupy 18 &#8211; <a href=\"https:\/\/www.facebook.com\/grupa18ppt\">https:\/\/www.facebook.com\/grupa18ppt<\/a>.<br \/><br \/><\/li><li>Zapraszamy na VIII Parafialn\u0105 Pielgrzymk\u0119 Rowerow\u0105 na Jasn\u0105 G\u00f3r\u0119 w dniach od 24 do 26 lipca. Szczeg\u00f3\u0142y na parafialnym FB i na stronie. Zapisy w kancelarii.<br \/><br \/><\/li><li>W dniach od 16 do 19 lipca odb\u0119dzie si\u0119 4 Rowerowa Pielgrzymka Tarnowska na Jasn\u0105 G\u00f3r\u0119. Wszelkie szczeg\u00f3\u0142y i zapisy na stronie pielgrzymki: <a href=\"https:\/\/rowerowapielgrzymkatarnowska.pl\/\">https:\/\/rowerowapielgrzymkatarnowska.pl<\/a><br \/><br \/><\/li><li>W pierwszy weekend lipca odb\u0119dzie si\u0119 diecezjalna piesza pielgrzymka do Tuchowa w intencji m\u0142odzie\u017cy i powo\u0142a\u0144. Mielecka cz\u0119\u015b\u0107 pielgrzymki rozpocznie si\u0119 Msz\u0105 \u015bwi\u0119t\u0105 o godz. 6<sup>00<\/sup> w ko\u015bciele M B N P w Mielcu. Zapisy w Kancelarii Parafialnej MBNP do 25 czerwca. Informacje na stronie: <a href=\"https:\/\/pptuchow.diecezjatarnow.pl\/\">https:\/\/pptuchow.diecezjatarnow.pl<\/a><br \/><br \/><\/li><li>Arcybractwo Naj\u015bwi\u0119tszego Serca Pana Jezusa zaprasza wszystkich na Parafialn\u0105 Pielgrzymk\u0119 do Gietrzwa\u0142du w dniach 31 lipca do 2 sierpnia. W programie te\u017c m.in. \u015awi\u0119ta Lipka, St\u0119bark, Muzeum Grunwald, Ostr\u00f3da. Cena ok. 500 z\u0142. w zale\u017cno\u015bci od ilo\u015bci os\u00f3b. Zapisy w kancelarii do 22 lipca, przy zapisie p\u0142atne 200 z\u0142. Szczeg\u00f3\u0142y u ks. Tomasza.<br \/><br \/><\/li><li>Jubilatom i solenizantom tego tygodnia, w\u015br\u00f3d nich ksi\u0119dzu Tomaszowi i siostrze Luizie sk\u0142adamy serdeczne \u017cyczenia i zapraszamy do uczestnictwa w Eucharystii i przyj\u0119cia Komunii \u015awi\u0119tej.<br \/><br \/><\/li><li>W ostatnim tygodniu z naszej wsp\u00f3lnoty parafialnej odeszli do wieczno\u015bci: <em>\u015bp. Marcin Maziarski i Dariusz Fija\u0142 z Al. Ducha \u015awi\u0119tego, Adam Bartkowicz z ul. Warszawskiej, Zygmunt Kazimierski z ul. Pisarka, Marek \u0141anucha z ul. Drzewieckiego, Irena Str\u0105g ze Z\u0142otniki i Cecylia Kopera z ul. Bajana. <\/em>Pole\u0107my Ich dusze Mi\u0142osierdziu Bo\u017cemu.<\/li><\/ol>\t\t\t\t\t\t\t\t<\/div>\n\t\t\t\t<\/div>\n\t\t\t\t\t<\/div>\n\t\t<\/div>\n\t\t\t\t\t<\/div>\n\t\t<\/section>\n\t\t\t\t<\/div>\n\t\t","protected":false},"excerpt":{"rendered":"<p>Dzi\u015b podczas Mszy \u015awi\u0119tej o godz. 1200 odb\u0119dzie si\u0119 uroczyste wprowadzenie relikwii \u015awi\u0119tej Eleny Guerra&hellip;<\/p>\n","protected":false},"author":3,"featured_media":0,"comment_status":"closed","ping_status":"open","sticky":false,"template":"","format":"standard","meta":{"give_campaign_id":0,"footnotes":""},"categories":[228],"tags":[],"class_list":["post-32051","post","type-post","status-publish","format-standard","hentry","category-ogloszenia"],"_links":{"self":[{"href":"https:\/\/www.duch.mielec.pl\/index.php?rest_route=\/wp\/v2\/posts\/32051","targetHints":{"allow":["GET"]}}],"collection":[{"href":"https:\/\/www.duch.mielec.pl\/index.php?rest_route=\/wp\/v2\/posts"}],"about":[{"href":"https:\/\/www.duch.mielec.pl\/index.php?rest_route=\/wp\/v2\/types\/post"}],"author":[{"embeddable":true,"href":"https:\/\/www.duch.mielec.pl\/index.php?rest_route=\/wp\/v2\/users\/3"}],"replies":[{"embeddable":true,"href":"https:\/\/www.duch.mielec.pl\/index.php?rest_route=%2Fwp%2Fv2%2Fcomments&post=32051"}],"version-history":[{"count":13,"href":"https:\/\/www.duch.mielec.pl\/index.php?rest_route=\/wp\/v2\/posts\/32051\/revisions"}],"predecessor-version":[{"id":32079,"href":"https:\/\/www.duch.mielec.pl\/index.php?rest_route=\/wp\/v2\/posts\/32051\/revisions\/32079"}],"wp:attachment":[{"href":"https:\/\/www.duch.mielec.pl\/index.php?rest_route=%2Fwp%2Fv2%2Fmedia&parent=32051"}],"wp:term":[{"taxonomy":"category","embeddable":true,"href":"https:\/\/www.duch.mielec.pl\/index.php?rest_route=%2Fwp%2Fv2%2Fcategories&post=32051"},{"taxonomy":"post_tag","embeddable":true,"href":"https:\/\/www.duch.mielec.pl\/index.php?rest_route=%2Fwp%2Fv2%2Ftags&post=32051"}],"curies":[{"name":"wp","href":"https:\/\/api.w.org\/{rel}","templated":true}]}}